{"id":38065,"date":"2022-11-27T20:00:47","date_gmt":"2022-11-28T02:00:47","guid":{"rendered":"https:\/\/lacarrerapanamericana.com.mx\/prensa\/mario-achi-y-fermin-la-calaca\/"},"modified":"2025-07-31T23:47:51","modified_gmt":"2025-08-01T05:47:51","slug":"mario-achi-y-fermin-la-calaca","status":"publish","type":"post","link":"https:\/\/lacarrerapanamericana.com.mx\/en\/mario-achi-y-fermin-la-calaca\/","title":{"rendered":"Mario Achi y Ferm\u00edn La Calaca"},"content":{"rendered":"<div>\n<div><img fetchpriority=\"high\" width=\"640\" height=\"341\" src=\"https:\/\/lacarrerapanamericana.com.mx\/wp-content\/uploads\/2022\/11\/Marioachi-y-Fermin-1024x546.jpg\" class=\"attachment-large size-large wp-post-image\" alt=\"Mario Achi y Ferm\u00edn La Calaca\" decoding=\"async\" style=\"margin-bottom: 15px;\" srcset=\"https:\/\/lacarrerapanamericana.com.mx\/wp-content\/uploads\/2022\/11\/Marioachi-y-Fermin-1024x546.jpg 1024w, https:\/\/lacarrerapanamericana.com.mx\/wp-content\/uploads\/2022\/11\/Marioachi-y-Fermin-300x160.jpg 300w, https:\/\/lacarrerapanamericana.com.mx\/wp-content\/uploads\/2022\/11\/Marioachi-y-Fermin-768x410.jpg 768w, https:\/\/lacarrerapanamericana.com.mx\/wp-content\/uploads\/2022\/11\/Marioachi-y-Fermin.jpg 1280w\" sizes=\"(max-width: 640px) 100vw, 640px\"><\/div>\n<p>Talentosos representantes del automovilismo mexicano Uno de los atractivos m\u00e1s representativos de nuestro pa\u00eds es sin duda su cultura, su folklor, sus sabores. M\u00e9xico se ha caracterizado por la calidez de sus habitantes y la alegr\u00eda de sus tradiciones. No en cualquier lugar, la gente se divierte invit\u00e1ndole a la muerte un buen tequila, para [\u2026]<\/p>\n<p>La entrada <a rel=\"nofollow\" href=\"https:\/\/lacarrerapanamericana.com.mx\/mario-achi-y-fermin-la-calaca\/\">Mario Achi y Ferm\u00edn La Calaca<\/a> se public\u00f3 primero en <a rel=\"nofollow\" href=\"https:\/\/lacarrerapanamericana.com.mx\/\">La Carrera Panamericana<\/a>.<\/p>\n<\/div>\n","protected":false},"excerpt":{"rendered":"<p>Talentosos representantes del automovilismo mexicano Uno de los atractivos m\u00e1s representativos de nuestro pa\u00eds es sin duda su cultura, su folklor, sus sabores. M\u00e9xico se ha caracterizado por la calidez de sus habitantes y la alegr\u00eda de sus tradiciones. No en cualquier lugar, la gente se divierte invit\u00e1ndole a la muerte un buen tequila, para [&hellip;]<\/p>\n","protected":false},"author":2,"featured_media":38066,"comment_status":"closed","ping_status":"closed","sticky":false,"template":"","format":"standard","meta":{"footnotes":""},"categories":[606],"tags":[419,420,421],"class_list":["post-38065","post","type-post","status-publish","format-standard","has-post-thumbnail","hentry","category-blog","tag-fermin-la-calaca","tag-formula-1","tag-mario-achi"],"_links":{"self":[{"href":"https:\/\/lacarrerapanamericana.com.mx\/en\/wp-json\/wp\/v2\/posts\/38065","targetHints":{"allow":["GET"]}}],"collection":[{"href":"https:\/\/lacarrerapanamericana.com.mx\/en\/wp-json\/wp\/v2\/posts"}],"about":[{"href":"https:\/\/lacarrerapanamericana.com.mx\/en\/wp-json\/wp\/v2\/types\/post"}],"author":[{"embeddable":true,"href":"https:\/\/lacarrerapanamericana.com.mx\/en\/wp-json\/wp\/v2\/users\/2"}],"replies":[{"embeddable":true,"href":"https:\/\/lacarrerapanamericana.com.mx\/en\/wp-json\/wp\/v2\/comments?post=38065"}],"version-history":[{"count":0,"href":"https:\/\/lacarrerapanamericana.com.mx\/en\/wp-json\/wp\/v2\/posts\/38065\/revisions"}],"wp:featuredmedia":[{"embeddable":true,"href":"https:\/\/lacarrerapanamericana.com.mx\/en\/wp-json\/wp\/v2\/media\/38066"}],"wp:attachment":[{"href":"https:\/\/lacarrerapanamericana.com.mx\/en\/wp-json\/wp\/v2\/media?parent=38065"}],"wp:term":[{"taxonomy":"category","embeddable":true,"href":"https:\/\/lacarrerapanamericana.com.mx\/en\/wp-json\/wp\/v2\/categories?post=38065"},{"taxonomy":"post_tag","embeddable":true,"href":"https:\/\/lacarrerapanamericana.com.mx\/en\/wp-json\/wp\/v2\/tags?post=38065"}],"curies":[{"name":"wp","href":"https:\/\/api.w.org\/{rel}","templated":true}]}}