{"id":38073,"date":"2022-12-07T19:00:01","date_gmt":"2022-12-08T01:00:01","guid":{"rendered":"https:\/\/lacarrerapanamericana.com.mx\/prensa\/extreme-e-mas-alla-de-lo-extremo\/"},"modified":"2025-07-31T23:47:20","modified_gmt":"2025-08-01T05:47:20","slug":"extreme-e-mas-alla-de-lo-extremo","status":"publish","type":"post","link":"https:\/\/lacarrerapanamericana.com.mx\/en\/extreme-e-mas-alla-de-lo-extremo\/","title":{"rendered":"Extreme E m\u00e1s all\u00e1 de lo extremo"},"content":{"rendered":"<div>\n<div><img fetchpriority=\"high\" width=\"640\" height=\"427\" src=\"https:\/\/lacarrerapanamericana.com.mx\/wp-content\/uploads\/2022\/12\/portada-1024x683.jpg\" class=\"attachment-large size-large wp-post-image\" alt=\"Extreme E\" decoding=\"async\" style=\"margin-bottom: 15px;\" srcset=\"https:\/\/lacarrerapanamericana.com.mx\/wp-content\/uploads\/2022\/12\/portada-1024x683.jpg 1024w, https:\/\/lacarrerapanamericana.com.mx\/wp-content\/uploads\/2022\/12\/portada-300x200.jpg 300w, https:\/\/lacarrerapanamericana.com.mx\/wp-content\/uploads\/2022\/12\/portada-768x512.jpg 768w, https:\/\/lacarrerapanamericana.com.mx\/wp-content\/uploads\/2022\/12\/portada-600x400.jpg 600w, https:\/\/lacarrerapanamericana.com.mx\/wp-content\/uploads\/2022\/12\/portada.jpg 1280w\" sizes=\"(max-width: 640px) 100vw, 640px\"><\/div>\n<p>\u00bfQui\u00e9n dice que los el\u00e9ctricos no pueden ser rudos? Extreme E, un campeonato mundial de carreras totalmente \u00fanico, con sentido, con consciencia, con objetivos globales claros, pero con toda la pasi\u00f3n del automovilismo. Una categor\u00eda de competici\u00f3n de autom\u00f3viles todoterreno totalmente el\u00e9ctricos, con 10 equipos participantes, divididos en dos grupos, con un piloto masculino y [\u2026]<\/p>\n<p>La entrada <a rel=\"nofollow\" href=\"https:\/\/lacarrerapanamericana.com.mx\/extreme-e-mas-alla-de-lo-extremo\/\">Extreme E m\u00e1s all\u00e1 de lo extremo<\/a> se public\u00f3 primero en <a rel=\"nofollow\" href=\"https:\/\/lacarrerapanamericana.com.mx\/\">La Carrera Panamericana<\/a>.<\/p>\n<\/div>\n","protected":false},"excerpt":{"rendered":"<p>\u00bfQui\u00e9n dice que los el\u00e9ctricos no pueden ser rudos? Extreme E, un campeonato mundial de carreras totalmente \u00fanico, con sentido, con consciencia, con objetivos globales claros, pero con toda la pasi\u00f3n del automovilismo. Una categor\u00eda de competici\u00f3n de autom\u00f3viles todoterreno totalmente el\u00e9ctricos, con 10 equipos participantes, divididos en dos grupos, con un piloto masculino y [&hellip;]<\/p>\n","protected":false},"author":2,"featured_media":38074,"comment_status":"closed","ping_status":"closed","sticky":false,"template":"","format":"standard","meta":{"footnotes":""},"categories":[606],"tags":[426,427,428],"class_list":["post-38073","post","type-post","status-publish","format-standard","has-post-thumbnail","hentry","category-blog","tag-electricos","tag-extreme-e","tag-odyssey-21"],"_links":{"self":[{"href":"https:\/\/lacarrerapanamericana.com.mx\/en\/wp-json\/wp\/v2\/posts\/38073","targetHints":{"allow":["GET"]}}],"collection":[{"href":"https:\/\/lacarrerapanamericana.com.mx\/en\/wp-json\/wp\/v2\/posts"}],"about":[{"href":"https:\/\/lacarrerapanamericana.com.mx\/en\/wp-json\/wp\/v2\/types\/post"}],"author":[{"embeddable":true,"href":"https:\/\/lacarrerapanamericana.com.mx\/en\/wp-json\/wp\/v2\/users\/2"}],"replies":[{"embeddable":true,"href":"https:\/\/lacarrerapanamericana.com.mx\/en\/wp-json\/wp\/v2\/comments?post=38073"}],"version-history":[{"count":0,"href":"https:\/\/lacarrerapanamericana.com.mx\/en\/wp-json\/wp\/v2\/posts\/38073\/revisions"}],"wp:featuredmedia":[{"embeddable":true,"href":"https:\/\/lacarrerapanamericana.com.mx\/en\/wp-json\/wp\/v2\/media\/38074"}],"wp:attachment":[{"href":"https:\/\/lacarrerapanamericana.com.mx\/en\/wp-json\/wp\/v2\/media?parent=38073"}],"wp:term":[{"taxonomy":"category","embeddable":true,"href":"https:\/\/lacarrerapanamericana.com.mx\/en\/wp-json\/wp\/v2\/categories?post=38073"},{"taxonomy":"post_tag","embeddable":true,"href":"https:\/\/lacarrerapanamericana.com.mx\/en\/wp-json\/wp\/v2\/tags?post=38073"}],"curies":[{"name":"wp","href":"https:\/\/api.w.org\/{rel}","templated":true}]}}