{"id":38647,"date":"2024-03-05T11:45:15","date_gmt":"2024-03-05T17:45:15","guid":{"rendered":"https:\/\/lacarrerapanamericana.com.mx\/prensa\/?p=38647"},"modified":"2024-03-05T11:45:15","modified_gmt":"2024-03-05T17:45:15","slug":"promueven-la-edicion-2024-de-la-carrera-panamericana-en-espana","status":"publish","type":"post","link":"https:\/\/lacarrerapanamericana.com.mx\/en\/promueven-la-edicion-2024-de-la-carrera-panamericana-en-espana\/","title":{"rendered":"PROMUEVEN LA EDICI\u00d3N 2024 DE LA CARRERA PANAMERICANA EN ESPA\u00d1A"},"content":{"rendered":"<p style=\"text-align: justify;\">El comit\u00e9 organizador de La Carrera Panamericana present\u00f3 en la <a href=\"https:\/\/embamex.sre.gob.mx\/espana\/\" target=\"_blank\" rel=\"noopener\">Embajada de M\u00e9xico en Espa\u00f1a<\/a> detalles de la edici\u00f3n No. 37 de la legendaria competencia que se llevar\u00e1 a cabo del 11 al 17 de octubre, con un recorrido de poco m\u00e1s de 3,500 kil\u00f3metros a trav\u00e9s de ocho entidades.<\/p>\n<p style=\"text-align: justify;\">El Embajador de M\u00e9xico en Espa\u00f1a, Quirino Ordaz Coppel, recibi\u00f3 a Karen Le\u00f3n Grossmann, Directora General de La Carrera Panamericana, y al mexicano Jo Ram\u00edrez, referente mundial del automovilismo y la F1, quienes adelantaron algunos detalles de la ruta 2024 y parte de la estrategia de La Carrera, que busca seguir posicionando a M\u00e9xico dentro y fuera del pa\u00eds, destacando la belleza e importancia de los destinos del recorrido.<\/p>\n<p><img fetchpriority=\"high\" decoding=\"async\" class=\"aligncenter size-full wp-image-38648\" src=\"https:\/\/lacarrerapanamericana.com.mx\/wp-content\/uploads\/2024\/03\/confe1.jpg\" alt=\"LA CARRERA PANAMERICANA EN ESPA\u00d1A \" width=\"1024\" height=\"683\" srcset=\"https:\/\/lacarrerapanamericana.com.mx\/wp-content\/uploads\/2024\/03\/confe1.jpg 1024w, https:\/\/lacarrerapanamericana.com.mx\/wp-content\/uploads\/2024\/03\/confe1-300x200.jpg 300w, https:\/\/lacarrerapanamericana.com.mx\/wp-content\/uploads\/2024\/03\/confe1-768x512.jpg 768w, https:\/\/lacarrerapanamericana.com.mx\/wp-content\/uploads\/2024\/03\/confe1-18x12.jpg 18w, https:\/\/lacarrerapanamericana.com.mx\/wp-content\/uploads\/2024\/03\/confe1-600x400.jpg 600w, https:\/\/lacarrerapanamericana.com.mx\/wp-content\/uploads\/2024\/03\/confe1-1000x667.jpg 1000w\" sizes=\"(max-width: 1024px) 100vw, 1024px\" \/><\/p>\n<p style=\"text-align: justify;\">En el encuentro, se dio a conocer que Ciudad de M\u00e9xico, Quer\u00e9taro, Michoac\u00e1n, Guanajuato, Aguascalientes, San Luis Potos\u00ed capital y Nuevo Le\u00f3n son algunas de las entidades que ver\u00e1n el paso de La Pana este a\u00f1o generando una importante derrama econ\u00f3mica as\u00ed como beneficios a toda la cadena de valor tur\u00edstica.<\/p>\n<p style=\"text-align: justify;\"><img decoding=\"async\" class=\"alignleft wp-image-38650 size-medium\" src=\"https:\/\/lacarrerapanamericana.com.mx\/wp-content\/uploads\/2024\/03\/confe3-200x300.jpg\" alt=\"LA CARRERA PANAMERICANA EN ESPA\u00d1A \" width=\"200\" height=\"300\" srcset=\"https:\/\/lacarrerapanamericana.com.mx\/wp-content\/uploads\/2024\/03\/confe3-200x300.jpg 200w, https:\/\/lacarrerapanamericana.com.mx\/wp-content\/uploads\/2024\/03\/confe3-320x480.jpg 320w, https:\/\/lacarrerapanamericana.com.mx\/wp-content\/uploads\/2024\/03\/confe3-8x12.jpg 8w, https:\/\/lacarrerapanamericana.com.mx\/wp-content\/uploads\/2024\/03\/confe3.jpg 683w\" sizes=\"(max-width: 200px) 100vw, 200px\" \/>La Carrera Panamericana se ha convertido en un \u00edcono de identidad nacional, que destaca lo mejor de M\u00e9xico, su historia, cultura, biodiversidad y la hospitalidad de su gente; con un recorrido de siete d\u00edas intensos de competici\u00f3n y m\u00e1s de 600 kil\u00f3metros de etapas de velocidad.<\/p>\n<p style=\"text-align: justify;\">Le\u00f3n Grossmann agradeci\u00f3 el apoyo continuo de la <a href=\"https:\/\/www.gob.mx\/sectur\" target=\"_blank\" rel=\"noopener\">Secretar\u00eda de Turismo del Gobierno de M\u00e9xico<\/a> y a su titular el licenciado Miguel Torruco Marqu\u00e9s, con quien se firm\u00f3 una alianza estrat\u00e9gica de promoci\u00f3n de los destinos en M\u00e9xico y del deporte automotor\u00a0 desde 2019. Asimismo, reconoci\u00f3 la participaci\u00f3n de otras entidades gubernamentales como la Guardia Nacional, \u00c1ngeles Verdes, Secretar\u00edas de la Defensa y de Marina, quienes con su apoyo fortalecen la seguridad durante la realizaci\u00f3n del evento.<\/p>\n<p style=\"text-align: justify;\">A lo largo de sus 36 ediciones previas, La Pana ha recibido a m\u00e1s de 2,800 participantes de 25 diferentes nacionalidades, con un recorrido por carretera de m\u00e1s de 108,000 kil\u00f3metros, logrando impactar a millones de espectadores alrededor del mundo, a trav\u00e9s de medios tradicionales y digitales.<\/p>\n<p style=\"text-align: justify;\">En todos estos a\u00f1os, han participado grandes personalidades del deporte motor, entre ellos, ganadores del Paris-Dakar, World Rally Championship y F\u00f3rmula 1, destacando Juan Manuel Fangio, Piero Taruffi, Karl King en la d\u00e9cada de los 50s; as\u00ed como Clay Regazzoni, Arturo Merzario, Eric Comas, Stefan Johansson, personajes como David Gilmour y Nick Mason de la legendaria banda brit\u00e1nica Pink Floyd, y recientemente al actor y piloto estadounidense Patrick Dempsey.<\/p>\n<p><img decoding=\"async\" class=\"aligncenter size-full wp-image-38649\" src=\"https:\/\/lacarrerapanamericana.com.mx\/wp-content\/uploads\/2024\/03\/confe2.jpg\" alt=\"\" width=\"1024\" height=\"683\" srcset=\"https:\/\/lacarrerapanamericana.com.mx\/wp-content\/uploads\/2024\/03\/confe2.jpg 1024w, https:\/\/lacarrerapanamericana.com.mx\/wp-content\/uploads\/2024\/03\/confe2-300x200.jpg 300w, https:\/\/lacarrerapanamericana.com.mx\/wp-content\/uploads\/2024\/03\/confe2-768x512.jpg 768w, https:\/\/lacarrerapanamericana.com.mx\/wp-content\/uploads\/2024\/03\/confe2-18x12.jpg 18w, https:\/\/lacarrerapanamericana.com.mx\/wp-content\/uploads\/2024\/03\/confe2-600x400.jpg 600w, https:\/\/lacarrerapanamericana.com.mx\/wp-content\/uploads\/2024\/03\/confe2-1000x667.jpg 1000w\" sizes=\"(max-width: 1024px) 100vw, 1024px\" \/><\/p>\n<p style=\"text-align: justify;\">En la edici\u00f3n XXXVII, La Carrera Panamericana estar\u00e1n presentes sus socios comerciales: Telcel, Porsche, Tag Heuer, Valero y Liqui Moly, entre otros.<\/p>\n<p style=\"text-align: justify;\">P\u00e1gina Web: <a href=\"https:\/\/lacarrerapanamericana.com.mx\/en\/\">www.lacarrerapanamericana.com.mx<\/a><\/p>\n<p style=\"text-align: justify;\">Twitter: <a href=\"https:\/\/twitter.com\/panaoficial\" target=\"_blank\" rel=\"noopener\">@panaoficial<\/a><\/p>\n<p style=\"text-align: justify;\">Facebook: <a href=\"https:\/\/www.facebook.com\/lacarrerapanamericana\/\" target=\"_blank\" rel=\"noopener\">lacarrerapanamericana<\/a><\/p>\n<p style=\"text-align: justify;\">Instagram: <a href=\"https:\/\/www.instagram.com\/lacarrerapanamericana\/\" target=\"_blank\" rel=\"noopener\">lacarrerapanamericana<\/a><\/p>\n<p style=\"text-align: justify;\">TikTok: <a href=\"https:\/\/www.tiktok.com\/@carrerapanamericana\" target=\"_blank\" rel=\"noopener\">@carrerapanamericana<\/a><\/p>\n<p style=\"text-align: justify;\">YouTube: <a href=\"https:\/\/www.youtube.com\/@LaCarreraPanamericana\/streams\" target=\"_blank\" rel=\"noopener\">https:\/\/www.youtube.com\/@LaCarreraPanamericana<\/a><\/p>\n<p>&nbsp;<\/p>\n<p>Para m\u00e1s informaci\u00f3n: <a href=\"mailto:news@lacarrerapanamericana.com.mx\">news@lacarrerapanamericana.com.mx<\/a><\/p>\n<p>&nbsp;<\/p>\n<p style=\"text-align: center;\"><strong><em>TheUltimateRoadRace<\/em><\/strong><\/p>","protected":false},"excerpt":{"rendered":"<p>El comit\u00e9 organizador de La Carrera Panamericana present\u00f3 en la Embajada de M\u00e9xico en Espa\u00f1a detalles de la edici\u00f3n No. 37 de la legendaria competencia que se llevar\u00e1 a cabo del 11 al 17 de octubre, con un recorrido de poco m\u00e1s de 3,500 kil\u00f3metros a trav\u00e9s de ocho entidades. El Embajador de M\u00e9xico en [&hellip;]<\/p>\n","protected":false},"author":2,"featured_media":38651,"comment_status":"open","ping_status":"open","sticky":false,"template":"","format":"standard","meta":{"footnotes":""},"categories":[58],"tags":[135,136],"class_list":["post-38647","post","type-post","status-publish","format-standard","has-post-thumbnail","hentry","category-noticias-medios","tag-embajada","tag-espana"],"_links":{"self":[{"href":"https:\/\/lacarrerapanamericana.com.mx\/en\/wp-json\/wp\/v2\/posts\/38647","targetHints":{"allow":["GET"]}}],"collection":[{"href":"https:\/\/lacarrerapanamericana.com.mx\/en\/wp-json\/wp\/v2\/posts"}],"about":[{"href":"https:\/\/lacarrerapanamericana.com.mx\/en\/wp-json\/wp\/v2\/types\/post"}],"author":[{"embeddable":true,"href":"https:\/\/lacarrerapanamericana.com.mx\/en\/wp-json\/wp\/v2\/users\/2"}],"replies":[{"embeddable":true,"href":"https:\/\/lacarrerapanamericana.com.mx\/en\/wp-json\/wp\/v2\/comments?post=38647"}],"version-history":[{"count":0,"href":"https:\/\/lacarrerapanamericana.com.mx\/en\/wp-json\/wp\/v2\/posts\/38647\/revisions"}],"wp:featuredmedia":[{"embeddable":true,"href":"https:\/\/lacarrerapanamericana.com.mx\/en\/wp-json\/wp\/v2\/media\/38651"}],"wp:attachment":[{"href":"https:\/\/lacarrerapanamericana.com.mx\/en\/wp-json\/wp\/v2\/media?parent=38647"}],"wp:term":[{"taxonomy":"category","embeddable":true,"href":"https:\/\/lacarrerapanamericana.com.mx\/en\/wp-json\/wp\/v2\/categories?post=38647"},{"taxonomy":"post_tag","embeddable":true,"href":"https:\/\/lacarrerapanamericana.com.mx\/en\/wp-json\/wp\/v2\/tags?post=38647"}],"curies":[{"name":"wp","href":"https:\/\/api.w.org\/{rel}","templated":true}]}}