{"id":41457,"date":"2023-09-02T10:33:51","date_gmt":"2023-09-02T16:33:51","guid":{"rendered":"https:\/\/lacarrerapanamericana.com.mx\/?p=41457"},"modified":"2025-07-31T23:34:19","modified_gmt":"2025-08-01T05:34:19","slug":"60-anos-del-porsche-911","status":"publish","type":"post","link":"https:\/\/lacarrerapanamericana.com.mx\/en\/60-anos-del-porsche-911\/","title":{"rendered":"60 A\u00f1os del Porsche 911"},"content":{"rendered":"<h6>Una edici\u00f3n especial limitada de su deportivo por excelencia<\/h6>\n<p style=\"text-align: justify;\">Un icono, un autom\u00f3vil venerado a nivel internacional durante varias generaciones, este es el <strong>Porsche 911<\/strong>, que ya ha llegado a los 60 a\u00f1os, una leyenda que hasta hoy, sigue levantando pasiones en todo el mundo.<\/p>\n<p style=\"text-align: justify;\">El <a href=\"https:\/\/www.porsche.com\/mexico\/models\/911\/911-models\/carrera\/\" target=\"_blank\" rel=\"noopener\"><strong>Porsche 911<\/strong><\/a> fue presentado al mundo en 1963, un gran paso adelante con respecto al 356, el cual era altamente respetado tanto en el deporte motor. El 911 de inmediato llev\u00f3 a <strong><a href=\"https:\/\/www.porsche.com\/mexico\/\" target=\"_blank\" rel=\"noopener\">Porsche<\/a><\/strong>&nbsp;a otro nivel; en competencia logr\u00f3 r\u00e1pidamente ser reconocido, tanto en pista como en rallies.<\/p>\n<p><img fetchpriority=\"high\" decoding=\"async\" class=\"aligncenter size-full wp-image-41458\" src=\"https:\/\/lacarrerapanamericana.com.mx\/wp-content\/uploads\/2023\/09\/16893510233478.jpg\" alt=\"\" width=\"720\" height=\"480\" srcset=\"https:\/\/lacarrerapanamericana.com.mx\/wp-content\/uploads\/2023\/09\/16893510233478.jpg 720w, https:\/\/lacarrerapanamericana.com.mx\/wp-content\/uploads\/2023\/09\/16893510233478-300x200.jpg 300w, https:\/\/lacarrerapanamericana.com.mx\/wp-content\/uploads\/2023\/09\/16893510233478-18x12.jpg 18w, https:\/\/lacarrerapanamericana.com.mx\/wp-content\/uploads\/2023\/09\/16893510233478-600x400.jpg 600w\" sizes=\"(max-width: 720px) 100vw, 720px\" \/><\/p>\n<p style=\"text-align: justify;\">Como dato curioso, originalmente su nombre era 901, pero debido a una patente de Peugeot con respecto a los n\u00fameros de tres cifras con un cero en el medio, se cambi\u00f3 a 911 poco despu\u00e9s de su lanzamiento.<\/p>\n<p style=\"text-align: justify;\">Para celebrar este aniversario, seis d\u00e9cadas y ocho generaciones despu\u00e9s, la marca alemana ha creado una edici\u00f3n especial, concebida para disfrutar al m\u00e1ximo de la conducci\u00f3n de este cl\u00e1sico deportivo.<\/p>\n<p style=\"text-align: justify;\">El placer de conducir en estado puro, el <a href=\"https:\/\/www.porsche.com\/mexico\/models\/911\/911-st\/911-st\/\" target=\"_blank\" rel=\"noopener\"><strong>911 S\/T<\/strong><\/a>, es el exclusivo modelo de aniversario, que une los puntos fuertes del <a href=\"https:\/\/www.porsche.com\/mexico\/models\/911\/911-gt3-models\/911-gt3\/\" target=\"_blank\" rel=\"noopener\"><strong>911 GT3<\/strong><\/a> con pack Touring y el <a href=\"https:\/\/www.porsche.com\/mexico\/models\/911\/911-gt3-rs\/\" target=\"_blank\" rel=\"noopener\"><strong>911 GT3 RS<\/strong><\/a>, para ofrecer una experiencia \u00fanica de agilidad y dinamismo en la conducci\u00f3n.<\/p>\n<p><a href=\"https:\/\/www.youtube.com\/watch?v=OTi50jdcx3s\" target=\"_blank\" rel=\"noopener\">https:\/\/www.youtube.com\/watch?v=OTi50jdcx3s<\/a><\/p>\n<p style=\"text-align: justify;\">La denominaci\u00f3n ST forma parte de la historia del 911. En 1969 Porsche ofreci\u00f3 una variante especial de competici\u00f3n del 911 S.<\/p>\n<p style=\"text-align: justify;\">Porsche comenz\u00f3 a ofrecer una versi\u00f3n con importantes mejoras en cuanto a suspensi\u00f3n y mec\u00e1nica, enfocada a la competici\u00f3n, el 911S, aunque internamente se conoce como 911ST, de ah\u00ed el nombre.<\/p>\n<p style=\"text-align: justify;\">De este modo, el nuevo 911 S\/T retoma el esp\u00edritu del 911 S (ST) original y lo transfiere a la actual generaci\u00f3n. Combina elementos del 911 GT3 RS con la carrocer\u00eda del 911 GT3 con pack Touring y lo complementa con componentes ligeros especialmente desarrollados para el 911 S\/T.<\/p>\n<p><img decoding=\"async\" class=\"aligncenter size-full wp-image-41459\" src=\"https:\/\/lacarrerapanamericana.com.mx\/wp-content\/uploads\/2023\/09\/S23_1158_fine.jpg\" alt=\"60 A\u00f1os del Porsche 911\" width=\"1024\" height=\"577\" srcset=\"https:\/\/lacarrerapanamericana.com.mx\/wp-content\/uploads\/2023\/09\/S23_1158_fine.jpg 1024w, https:\/\/lacarrerapanamericana.com.mx\/wp-content\/uploads\/2023\/09\/S23_1158_fine-300x169.jpg 300w, https:\/\/lacarrerapanamericana.com.mx\/wp-content\/uploads\/2023\/09\/S23_1158_fine-768x433.jpg 768w, https:\/\/lacarrerapanamericana.com.mx\/wp-content\/uploads\/2023\/09\/S23_1158_fine-18x10.jpg 18w, https:\/\/lacarrerapanamericana.com.mx\/wp-content\/uploads\/2023\/09\/S23_1158_fine-1000x563.jpg 1000w\" sizes=\"(max-width: 1024px) 100vw, 1024px\" \/><\/p>\n<p>El resultado es una experiencia de conducci\u00f3n \u00fanica, dentro de la gama GT del emblem\u00e1tico 911. Una combinaci\u00f3n del tradicional motor b\u00f3xer atmosf\u00e9rico de 4.0 litros, y el 525 CV del 911 GT3 RS.<\/p>\n<p style=\"text-align: justify;\">Gracias al cambio manual de seis velocidades de relaciones cortas, acelera de 0 a 100 km\/h en solo 3,7 segundos. La velocidad m\u00e1xima tambi\u00e9n es redonda: 300 km\/h. Todo acompa\u00f1ado por el sonido inconfundible del sistema de escape deportivo de serie.<\/p>\n<p><img decoding=\"async\" class=\"aligncenter size-full wp-image-41461\" src=\"https:\/\/lacarrerapanamericana.com.mx\/wp-content\/uploads\/2023\/09\/Titel.jpg\" alt=\"60 A\u00f1os del Porsche 911\" width=\"1024\" height=\"576\" srcset=\"https:\/\/lacarrerapanamericana.com.mx\/wp-content\/uploads\/2023\/09\/Titel.jpg 1024w, https:\/\/lacarrerapanamericana.com.mx\/wp-content\/uploads\/2023\/09\/Titel-300x169.jpg 300w, https:\/\/lacarrerapanamericana.com.mx\/wp-content\/uploads\/2023\/09\/Titel-768x432.jpg 768w, https:\/\/lacarrerapanamericana.com.mx\/wp-content\/uploads\/2023\/09\/Titel-18x10.jpg 18w, https:\/\/lacarrerapanamericana.com.mx\/wp-content\/uploads\/2023\/09\/Titel-1000x563.jpg 1000w\" sizes=\"(max-width: 1024px) 100vw, 1024px\" \/><\/p>\n<p>El 911 S\/T pesa solo 1.380 kilogramos, lo que lo convierte en el modelo m\u00e1s ligero de la generaci\u00f3n 992. Asimismo, el pack <em>Heritage Design<\/em> se inspira en la versi\u00f3n de carreras del 911 S de finales de los 60 y principios de los 70.<\/p>\n<p style=\"text-align: justify;\">Se estima que las entregas del nuevo Porsche 911 S\/T para Latinoam\u00e9rica, ser\u00e1n a partir del segundo trimestre de 2024.<\/p>\n<p style=\"text-align: justify;\">Una edici\u00f3n muy exclusiva, tan solo habr\u00e1 1,963 ejemplares del 911 m\u00e1s puro producido hasta hoy.<\/p>\n<p style=\"text-align: justify;\">Del 13 al 19 de octubre podr\u00e1s disfrutar de estos incre\u00edbles y poderosos autos cl\u00e1sicos, recorriendo territorio mexicano en la edici\u00f3n No. 36 de <strong>La Carrera Panamericana<\/strong> \u00a1Acomp\u00e1\u00f1anos y vive esta gran experiencia!<\/p>\n<p style=\"text-align: right;\"><img loading=\"lazy\" decoding=\"async\" class=\"size-full wp-image-37096\" src=\"https:\/\/lacarrerapanamericana.com.mx\/wp-content\/uploads\/2021\/04\/spirit.png\" alt=\"Spirit of La Carrera\" width=\"110\" height=\"110\"><br \/>\n\u00a1La Leyenda contin\u00faa!<br \/>\nThe Ultimate Road Race<\/p>","protected":false},"excerpt":{"rendered":"<p>Una edici\u00f3n especial limitada de su deportivo por excelencia Un icono, un autom\u00f3vil venerado a nivel internacional durante varias generaciones, este es el Porsche 911, que ya ha llegado a los 60 a\u00f1os, una leyenda que hasta hoy, sigue levantando pasiones en todo el mundo. El Porsche 911 fue presentado al mundo en 1963, un [&hellip;]<\/p>\n","protected":false},"author":2,"featured_media":41460,"comment_status":"open","ping_status":"open","sticky":false,"template":"","format":"standard","meta":{"footnotes":""},"categories":[606],"tags":[499,500,84,501],"class_list":["post-41457","post","type-post","status-publish","format-standard","has-post-thumbnail","hentry","category-blog","tag-60-anos","tag-75-aniversario","tag-porsche","tag-porsche-911"],"_links":{"self":[{"href":"https:\/\/lacarrerapanamericana.com.mx\/en\/wp-json\/wp\/v2\/posts\/41457","targetHints":{"allow":["GET"]}}],"collection":[{"href":"https:\/\/lacarrerapanamericana.com.mx\/en\/wp-json\/wp\/v2\/posts"}],"about":[{"href":"https:\/\/lacarrerapanamericana.com.mx\/en\/wp-json\/wp\/v2\/types\/post"}],"author":[{"embeddable":true,"href":"https:\/\/lacarrerapanamericana.com.mx\/en\/wp-json\/wp\/v2\/users\/2"}],"replies":[{"embeddable":true,"href":"https:\/\/lacarrerapanamericana.com.mx\/en\/wp-json\/wp\/v2\/comments?post=41457"}],"version-history":[{"count":0,"href":"https:\/\/lacarrerapanamericana.com.mx\/en\/wp-json\/wp\/v2\/posts\/41457\/revisions"}],"wp:featuredmedia":[{"embeddable":true,"href":"https:\/\/lacarrerapanamericana.com.mx\/en\/wp-json\/wp\/v2\/media\/41460"}],"wp:attachment":[{"href":"https:\/\/lacarrerapanamericana.com.mx\/en\/wp-json\/wp\/v2\/media?parent=41457"}],"wp:term":[{"taxonomy":"category","embeddable":true,"href":"https:\/\/lacarrerapanamericana.com.mx\/en\/wp-json\/wp\/v2\/categories?post=41457"},{"taxonomy":"post_tag","embeddable":true,"href":"https:\/\/lacarrerapanamericana.com.mx\/en\/wp-json\/wp\/v2\/tags?post=41457"}],"curies":[{"name":"wp","href":"https:\/\/api.w.org\/{rel}","templated":true}]}}