{"id":42585,"date":"2024-03-06T09:44:47","date_gmt":"2024-03-06T15:44:47","guid":{"rendered":"https:\/\/lacarrerapanamericana.com.mx\/?p=42585"},"modified":"2025-07-31T23:19:18","modified_gmt":"2025-08-01T05:19:18","slug":"campeonas-panamericanas","status":"publish","type":"post","link":"https:\/\/lacarrerapanamericana.com.mx\/en\/campeonas-panamericanas\/","title":{"rendered":"Campeonas Panamericanas"},"content":{"rendered":"<h6>Grandes Mujeres del Automovilismo en La Carrera, las Campeonas Panamericanas<\/h6>\n<p style=\"text-align: justify;\">Desde sus inicios en 1950, <strong>La Carrera Panamericana<\/strong> ha sido una prueba de resistencia y habilidad que desaf\u00eda a pilotos de todo el mundo a conquistar los terrenos m\u00e1s exigentes de M\u00e9xico.<\/p>\n<p style=\"text-align: justify;\">Aunque tradicionalmente ha sido dominada por hombres, las mujeres han dejado su huella en esta competencia legendaria, demostrando su destreza y determinaci\u00f3n en un deporte hist\u00f3ricamente masculino.<\/p>\n<p style=\"text-align: justify;\">En las \u00faltimas d\u00e9cadas, mujeres valientes han desafiado las probabilidades y se han destacado en <a href=\"https:\/\/lacarrerapanamericana.com.mx\/en\/nuestros-campeones\/\"><strong>La Carrera Panamericana<\/strong><\/a> \u00bfTe gustar\u00eda conocer qu\u00e9 mujeres han conquistado la corona, siendo campeonas panamericanas, en los caminos serpenteantes y las velocidades vertiginosas de esta carrera ic\u00f3nica? \u00a1Con\u00f3celas!<\/p>\n<p style=\"text-align: justify;\"><strong>Shirley Ward<\/strong><\/p>\n<p style=\"text-align: justify;\">Copiloto de Jon Ward, campeones de La Carrera Panamericana en 1991 de Tuxtla Guti\u00e9rrez a Nuevo Laredo.<\/p>\n<p style=\"text-align: justify;\">Los estadounidenses lograron salir victoriosos con un total de 112 autos en dicha edici\u00f3n, a bordo de un Kurtis 1953 500S Roadster, el cual fue armado por el propio piloto.<\/p>\n<p style=\"text-align: justify;\"><img fetchpriority=\"high\" decoding=\"async\" class=\"aligncenter size-full wp-image-42589\" src=\"https:\/\/lacarrerapanamericana.com.mx\/wp-content\/uploads\/2024\/03\/FaulknerWalt_image086.jpg\" alt=\"Campeonas Panamericanas\" width=\"832\" height=\"424\" srcset=\"https:\/\/lacarrerapanamericana.com.mx\/wp-content\/uploads\/2024\/03\/FaulknerWalt_image086.jpg 832w, https:\/\/lacarrerapanamericana.com.mx\/wp-content\/uploads\/2024\/03\/FaulknerWalt_image086-300x153.jpg 300w, https:\/\/lacarrerapanamericana.com.mx\/wp-content\/uploads\/2024\/03\/FaulknerWalt_image086-768x391.jpg 768w, https:\/\/lacarrerapanamericana.com.mx\/wp-content\/uploads\/2024\/03\/FaulknerWalt_image086-18x9.jpg 18w\" sizes=\"(max-width: 832px) 100vw, 832px\" \/><\/p>\n<p style=\"text-align: justify;\"><strong>Kimberly Elsnier<\/strong><\/p>\n<p style=\"text-align: justify;\">Copiloto de Kevin Ward, campeones de La Carrera Panamericana en 1995 de Tuxtla Guti\u00e9rrez a Nuevo Laredo.<\/p>\n<p style=\"text-align: justify;\"><img decoding=\"async\" class=\"aligncenter size-full wp-image-42591\" src=\"https:\/\/lacarrerapanamericana.com.mx\/wp-content\/uploads\/2024\/03\/Kimberly.jpg\" alt=\"Campeonas Panamericanas\" width=\"1024\" height=\"819\" srcset=\"https:\/\/lacarrerapanamericana.com.mx\/wp-content\/uploads\/2024\/03\/Kimberly.jpg 1024w, https:\/\/lacarrerapanamericana.com.mx\/wp-content\/uploads\/2024\/03\/Kimberly-300x240.jpg 300w, https:\/\/lacarrerapanamericana.com.mx\/wp-content\/uploads\/2024\/03\/Kimberly-768x614.jpg 768w, https:\/\/lacarrerapanamericana.com.mx\/wp-content\/uploads\/2024\/03\/Kimberly-15x12.jpg 15w, https:\/\/lacarrerapanamericana.com.mx\/wp-content\/uploads\/2024\/03\/Kimberly-1000x800.jpg 1000w\" sizes=\"(max-width: 1024px) 100vw, 1024px\" \/><\/p>\n<p style=\"text-align: justify;\"><strong>Ang\u00e9lica Fuentes<\/strong><\/p>\n<p style=\"text-align: justify;\">Copiloto de Gabriel P\u00e9rez, campeones de La Carrera Panamericana en 2006 de Veracruz a Monterrey. Ha sido la \u00fanica mujer que ha participado en 27 ocasiones en La Carrera Panamericana.<\/p>\n<p style=\"text-align: justify;\">Ang\u00e9lica Fuentes es una navegante y piloto de rallies mexicana. Comenz\u00f3 su carrera deportiva en los a\u00f1os ochenta y es considerada la rallista m\u00e1s experimentada de su M\u00e9xico.<\/p>\n<p style=\"text-align: justify;\">Ha participado en el Campeonato Mexicano de Rally, en la Carrera Panamericana, en el Campeonato Mundial y en diversas competencias automovil\u00edsticas a nivel internacional.\u200b<\/p>\n<p style=\"text-align: justify;\">Fuentes es hija de Edgardo Fuentes, quien fue piloto de rallies, su hermano, hom\u00f3nomo de su padre, quien tambi\u00e9n es piloto, \u200b y su hermana, Lorena, fue navegante de rallies. Casada con el ingl\u00e9s Scot Keith Mainland, con quien radica en Inglaterra, donde tambi\u00e9n participa en diferentes campeonatos de rally.<\/p>\n<p style=\"text-align: justify;\"><img decoding=\"async\" class=\"aligncenter size-full wp-image-42587\" src=\"https:\/\/lacarrerapanamericana.com.mx\/wp-content\/uploads\/2024\/03\/Angelica.jpg\" alt=\"Campeonas Panamericanas\" width=\"1024\" height=\"682\" srcset=\"https:\/\/lacarrerapanamericana.com.mx\/wp-content\/uploads\/2024\/03\/Angelica.jpg 1024w, https:\/\/lacarrerapanamericana.com.mx\/wp-content\/uploads\/2024\/03\/Angelica-300x200.jpg 300w, https:\/\/lacarrerapanamericana.com.mx\/wp-content\/uploads\/2024\/03\/Angelica-768x512.jpg 768w, https:\/\/lacarrerapanamericana.com.mx\/wp-content\/uploads\/2024\/03\/Angelica-18x12.jpg 18w, https:\/\/lacarrerapanamericana.com.mx\/wp-content\/uploads\/2024\/03\/Angelica-625x415.jpg 625w, https:\/\/lacarrerapanamericana.com.mx\/wp-content\/uploads\/2024\/03\/Angelica-600x400.jpg 600w, https:\/\/lacarrerapanamericana.com.mx\/wp-content\/uploads\/2024\/03\/Angelica-1000x666.jpg 1000w\" sizes=\"(max-width: 1024px) 100vw, 1024px\" \/><\/p>\n<p style=\"text-align: justify;\"><strong>Ana In\u00e9s Go\u00f1i<\/strong><\/p>\n<p style=\"text-align: justify;\">Copiloto de Stig Lennart Blomqvist, campeones de La Carrera Panamericana en 2009 de Huatulco a Nuevo Laredo.<\/p>\n<p style=\"text-align: justify;\">Ana Go\u00f1i es una copiloto de rallies venezolana. \u00c1vida coleccionista de autom\u00f3viles de rally cl\u00e1sicos.<\/p>\n<p style=\"text-align: justify;\">Go\u00f1i ha participado en dos ocasiones en La Carrera Panamericana, ambas con Stig Blomqvist. Su primera participaci\u00f3n fue en 2008, a bordo de un Studebaker preparado por Mats Hammarlund. La pareja era considerada la favorita para ganar la prueba\u200b y ganaron dos de las siete etapas, sin embargo, terminaron en la cuarta posici\u00f3n general.<\/p>\n<p style=\"text-align: justify;\">En su segunda participaci\u00f3n, en 2009, Go\u00f1i y Blomqvist ganaron nuevamente s\u00f3lo dos de las siete etapas; pero en esta ocasi\u00f3n lograron el primer lugar absoluto, gracias a otros resultados favorables obtenidos a lo largo de la prueba.<\/p>\n<p style=\"text-align: justify;\">Ana Go\u00f1i es una copiloto de rallies venezolana. \u00c1vida coleccionista de autom\u00f3viles de rally cl\u00e1sicos.<\/p>\n<p style=\"text-align: justify;\"><img loading=\"lazy\" decoding=\"async\" class=\"aligncenter size-full wp-image-42586\" src=\"https:\/\/lacarrerapanamericana.com.mx\/wp-content\/uploads\/2024\/03\/Ana.jpg\" alt=\"Campeonas Panamericanas\" width=\"952\" height=\"623\" srcset=\"https:\/\/lacarrerapanamericana.com.mx\/wp-content\/uploads\/2024\/03\/Ana.jpg 952w, https:\/\/lacarrerapanamericana.com.mx\/wp-content\/uploads\/2024\/03\/Ana-300x196.jpg 300w, https:\/\/lacarrerapanamericana.com.mx\/wp-content\/uploads\/2024\/03\/Ana-768x503.jpg 768w, https:\/\/lacarrerapanamericana.com.mx\/wp-content\/uploads\/2024\/03\/Ana-18x12.jpg 18w\" sizes=\"(max-width: 952px) 100vw, 952px\" \/><\/p>\n<p style=\"text-align: justify;\"><strong>Isabelle de Sadeleer<\/strong><\/p>\n<p style=\"text-align: justify;\">Copiloto de Erik Comas, campeones de La Carrera Panamericana en 2014 de Veracruz a Durango.<\/p>\n<p style=\"text-align: justify;\">De nacionalidad suiza, Isabelle tiene dos verdaderas pasiones, los vintage y los superdeportivos. Con sus amigos Hansueli Brand y St\u00e9phane Gutzwiller fund\u00f3 el Autom\u00f3vil Club de Gstaad hace 28 a\u00f1os.<\/p>\n<p style=\"text-align: justify;\">Conoci\u00f3 a Erik Comas hace m\u00e1s de 15 a\u00f1os en el rally \u201cSnow &amp; Ice\u201d. R\u00e1pidamente se hicieron amigos y comenzaron a hacer rallyes juntos.<\/p>\n<p style=\"text-align: justify;\"><img loading=\"lazy\" decoding=\"async\" class=\"aligncenter size-full wp-image-42590\" src=\"https:\/\/lacarrerapanamericana.com.mx\/wp-content\/uploads\/2024\/03\/Isabelle.jpg\" alt=\"Campeonas Panamericanas\" width=\"800\" height=\"533\" srcset=\"https:\/\/lacarrerapanamericana.com.mx\/wp-content\/uploads\/2024\/03\/Isabelle.jpg 800w, https:\/\/lacarrerapanamericana.com.mx\/wp-content\/uploads\/2024\/03\/Isabelle-300x200.jpg 300w, https:\/\/lacarrerapanamericana.com.mx\/wp-content\/uploads\/2024\/03\/Isabelle-768x512.jpg 768w, https:\/\/lacarrerapanamericana.com.mx\/wp-content\/uploads\/2024\/03\/Isabelle-18x12.jpg 18w, https:\/\/lacarrerapanamericana.com.mx\/wp-content\/uploads\/2024\/03\/Isabelle-625x415.jpg 625w, https:\/\/lacarrerapanamericana.com.mx\/wp-content\/uploads\/2024\/03\/Isabelle-600x400.jpg 600w\" sizes=\"(max-width: 800px) 100vw, 800px\" \/><\/p>\n<p style=\"text-align: justify;\"><strong>Laura Damiron<\/strong><\/p>\n<p style=\"text-align: justify;\">Copiloto de Hilaire Damiron, campeones de La Carrera Panamericana en 2016 de Quer\u00e9taro a Durango, y campeones 2023 de Veracruz a Monterrey.<\/p>\n<p style=\"text-align: justify;\">Laura, de origen brasile\u00f1o, comenz\u00f3 su carrera automovil\u00edstica en 2015, cuando su esposo Hilaire la impuls\u00f3 para correr La Carrera, como su copiloto. Desde ese a\u00f1o, la pareja ha participado en la Pana, manteni\u00e9ndose siempre dentro de los punteros en la competencia.<\/p>\n<p style=\"text-align: justify;\"><img loading=\"lazy\" decoding=\"async\" class=\"aligncenter size-full wp-image-42592\" src=\"https:\/\/lacarrerapanamericana.com.mx\/wp-content\/uploads\/2024\/03\/SH_LCP_7-SLP-Mty-17.jpg\" alt=\"Campeonas Panamericanas\" width=\"1024\" height=\"683\" srcset=\"https:\/\/lacarrerapanamericana.com.mx\/wp-content\/uploads\/2024\/03\/SH_LCP_7-SLP-Mty-17.jpg 1024w, https:\/\/lacarrerapanamericana.com.mx\/wp-content\/uploads\/2024\/03\/SH_LCP_7-SLP-Mty-17-300x200.jpg 300w, https:\/\/lacarrerapanamericana.com.mx\/wp-content\/uploads\/2024\/03\/SH_LCP_7-SLP-Mty-17-768x512.jpg 768w, https:\/\/lacarrerapanamericana.com.mx\/wp-content\/uploads\/2024\/03\/SH_LCP_7-SLP-Mty-17-18x12.jpg 18w, https:\/\/lacarrerapanamericana.com.mx\/wp-content\/uploads\/2024\/03\/SH_LCP_7-SLP-Mty-17-600x400.jpg 600w, https:\/\/lacarrerapanamericana.com.mx\/wp-content\/uploads\/2024\/03\/SH_LCP_7-SLP-Mty-17-1000x667.jpg 1000w\" sizes=\"(max-width: 1024px) 100vw, 1024px\" \/><\/p>\n<p style=\"text-align: justify;\">La participaci\u00f3n de las mujeres en La Carrera Panamericana, no solo ha desafiado los estereotipos de g\u00e9nero en el automovilismo, sino que tambi\u00e9n ha enriquecido la historia de esta competencia legendaria con su valent\u00eda, habilidad y pasi\u00f3n por las carreras de autos.<\/p>\n<p style=\"text-align: justify;\">Estas campeonas panamericanas contin\u00faan inspirando a las generaciones futuras a perseguir sus sue\u00f1os, y alcanzar nuevas alturas en el mundo del automovilismo.<\/p>\n<p style=\"text-align: right;\"><img loading=\"lazy\" decoding=\"async\" class=\"size-full wp-image-37096\" src=\"https:\/\/lacarrerapanamericana.com.mx\/wp-content\/uploads\/2021\/04\/spirit.png\" alt=\"Spirit of La Carrera\" width=\"110\" height=\"110\"><br \/>\n\u00a1La Leyenda contin\u00faa!<br \/>\n<em>The Ultimate Road Race<\/em><\/p>","protected":false},"excerpt":{"rendered":"<p>Grandes Mujeres del Automovilismo en La Carrera, las Campeonas Panamericanas Desde sus inicios en 1950, La Carrera Panamericana ha sido una prueba de resistencia y habilidad que desaf\u00eda a pilotos de todo el mundo a conquistar los terrenos m\u00e1s exigentes de M\u00e9xico. Aunque tradicionalmente ha sido dominada por hombres, las mujeres han dejado su huella [&hellip;]<\/p>\n","protected":false},"author":2,"featured_media":42595,"comment_status":"open","ping_status":"open","sticky":false,"template":"","format":"standard","meta":{"footnotes":""},"categories":[606],"tags":[551,440],"class_list":["post-42585","post","type-post","status-publish","format-standard","has-post-thumbnail","hentry","category-blog","tag-campeonas-panamericanas","tag-mujeres"],"_links":{"self":[{"href":"https:\/\/lacarrerapanamericana.com.mx\/en\/wp-json\/wp\/v2\/posts\/42585","targetHints":{"allow":["GET"]}}],"collection":[{"href":"https:\/\/lacarrerapanamericana.com.mx\/en\/wp-json\/wp\/v2\/posts"}],"about":[{"href":"https:\/\/lacarrerapanamericana.com.mx\/en\/wp-json\/wp\/v2\/types\/post"}],"author":[{"embeddable":true,"href":"https:\/\/lacarrerapanamericana.com.mx\/en\/wp-json\/wp\/v2\/users\/2"}],"replies":[{"embeddable":true,"href":"https:\/\/lacarrerapanamericana.com.mx\/en\/wp-json\/wp\/v2\/comments?post=42585"}],"version-history":[{"count":0,"href":"https:\/\/lacarrerapanamericana.com.mx\/en\/wp-json\/wp\/v2\/posts\/42585\/revisions"}],"wp:featuredmedia":[{"embeddable":true,"href":"https:\/\/lacarrerapanamericana.com.mx\/en\/wp-json\/wp\/v2\/media\/42595"}],"wp:attachment":[{"href":"https:\/\/lacarrerapanamericana.com.mx\/en\/wp-json\/wp\/v2\/media?parent=42585"}],"wp:term":[{"taxonomy":"category","embeddable":true,"href":"https:\/\/lacarrerapanamericana.com.mx\/en\/wp-json\/wp\/v2\/categories?post=42585"},{"taxonomy":"post_tag","embeddable":true,"href":"https:\/\/lacarrerapanamericana.com.mx\/en\/wp-json\/wp\/v2\/tags?post=42585"}],"curies":[{"name":"wp","href":"https:\/\/api.w.org\/{rel}","templated":true}]}}