{"id":46253,"date":"2026-04-28T13:11:44","date_gmt":"2026-04-28T19:11:44","guid":{"rendered":"https:\/\/lacarrerapanamericana.com.mx\/?p=46253"},"modified":"2026-04-28T15:32:22","modified_gmt":"2026-04-28T21:32:22","slug":"la-carrera-panamericana-revela-su-ruta-2026","status":"publish","type":"post","link":"https:\/\/lacarrerapanamericana.com.mx\/en\/la-carrera-panamericana-revela-su-ruta-2026\/","title":{"rendered":"La Carrera Panamericana Revela su Ruta 2026"},"content":{"rendered":"<ul>\n<li style=\"text-align: justify;\">El arranque ser\u00e1 en Chiapas y concluir\u00e1 en Zacatecas, tras 7 d\u00edas de competencia.<\/li>\n<li style=\"text-align: justify;\">Se espera la participaci\u00f3n de al menos 70 tripulaciones que recorrer\u00e1n m\u00e1s de 3,500 kil\u00f3metros de sur a norte del pa\u00eds.<\/li>\n<\/ul>\n<p style=\"text-align: justify;\"><strong>La Carrera Panamericana<\/strong> hizo oficial su ruta para la edici\u00f3n 2026. Este a\u00f1o la competencia se disputar\u00e1 del <strong>16 al 22 de octubre<\/strong> con al menos 70 tripulaciones de carrera y del <strong>Sport &amp; Classic Tour<\/strong>. El banderazo de salida ser\u00e1 el viernes 16 en Tuxtla Guti\u00e9rrez, Chiapas, con destino al puerto de Veracruz. Despu\u00e9s, el recorrido seguir\u00e1 hacia Ciudad de M\u00e9xico, Puebla, Quer\u00e9taro, Guanajuato y San Luis Potos\u00ed, para cerrar el jueves 22 en Zacatecas, sede de la meta final de este encuentro automovil\u00edstico que promueve el turismo nacional.<\/p>\n<p style=\"text-align: justify;\">El anuncio se realiz\u00f3 en el marco del Tianguis Tur\u00edstico M\u00e9xico, en Acapulco, Guerrero, gracias al apoyo de la Secretar\u00eda de Turismo del Gobierno de M\u00e9xico, donde integrantes del Comit\u00e9 organizador y autoridades de Turismo de los estados participantes presentaron el mapa de esta justa deportiva que cruzar\u00e1 el pa\u00eds de sur a norte.<\/p>\n<p style=\"text-align: justify;\">Reconocida como la competencia de velocidad tipo rally en carretera m\u00e1s importante y de mayor recorrido en el mundo, la Panamericana mantendr\u00e1 un trayecto cercano a los 3,500 kil\u00f3metros. Se trata de una prueba de resistencia y coordinaci\u00f3n entre piloto y navegante, que tambi\u00e9n ofrece un espect\u00e1culo \u00fanico para los aficionados, quienes podr\u00e1n seguir de cerca el paso de los autos tanto en etapas de velocidad como en tramos de tr\u00e1nsito.<\/p>\n<p style=\"text-align: justify;\">Por primera ocasi\u00f3n los veh\u00edculos de la categor\u00eda <strong>Sport &amp; Classic Tour<\/strong> competir\u00e1n en el formato de regularidad, lo que aumentar\u00e1 el nivel de exigencia y competitividad de las duplas participantes.<\/p>\n<p style=\"text-align: justify;\">Este a\u00f1o <strong>La Carrera Panamericana<\/strong> llega a la edici\u00f3n n\u00famero 39 de su etapa moderna, celebrada de manera ininterrumpida desde 1988, lo que la convierte en un referente internacional del deporte motor y en un escaparate de la diversidad cultural y natural de M\u00e9xico.<\/p>","protected":false},"excerpt":{"rendered":"<p>El arranque ser\u00e1 en Chiapas y concluir\u00e1 en Zacatecas, tras 7 d\u00edas de competencia. Se espera la participaci\u00f3n de al menos 70 tripulaciones que recorrer\u00e1n m\u00e1s de 3,500 kil\u00f3metros de sur a norte del pa\u00eds. La Carrera Panamericana hizo oficial su ruta para la edici\u00f3n 2026. Este a\u00f1o la competencia se disputar\u00e1 del 16 al [&hellip;]<\/p>\n","protected":false},"author":1,"featured_media":46233,"comment_status":"open","ping_status":"closed","sticky":false,"template":"","format":"standard","meta":{"footnotes":""},"categories":[58],"tags":[638,637],"class_list":["post-46253","post","type-post","status-publish","format-standard","has-post-thumbnail","hentry","category-noticias-medios","tag-mapa","tag-ruta-2026"],"_links":{"self":[{"href":"https:\/\/lacarrerapanamericana.com.mx\/en\/wp-json\/wp\/v2\/posts\/46253","targetHints":{"allow":["GET"]}}],"collection":[{"href":"https:\/\/lacarrerapanamericana.com.mx\/en\/wp-json\/wp\/v2\/posts"}],"about":[{"href":"https:\/\/lacarrerapanamericana.com.mx\/en\/wp-json\/wp\/v2\/types\/post"}],"author":[{"embeddable":true,"href":"https:\/\/lacarrerapanamericana.com.mx\/en\/wp-json\/wp\/v2\/users\/1"}],"replies":[{"embeddable":true,"href":"https:\/\/lacarrerapanamericana.com.mx\/en\/wp-json\/wp\/v2\/comments?post=46253"}],"version-history":[{"count":1,"href":"https:\/\/lacarrerapanamericana.com.mx\/en\/wp-json\/wp\/v2\/posts\/46253\/revisions"}],"predecessor-version":[{"id":46254,"href":"https:\/\/lacarrerapanamericana.com.mx\/en\/wp-json\/wp\/v2\/posts\/46253\/revisions\/46254"}],"wp:featuredmedia":[{"embeddable":true,"href":"https:\/\/lacarrerapanamericana.com.mx\/en\/wp-json\/wp\/v2\/media\/46233"}],"wp:attachment":[{"href":"https:\/\/lacarrerapanamericana.com.mx\/en\/wp-json\/wp\/v2\/media?parent=46253"}],"wp:term":[{"taxonomy":"category","embeddable":true,"href":"https:\/\/lacarrerapanamericana.com.mx\/en\/wp-json\/wp\/v2\/categories?post=46253"},{"taxonomy":"post_tag","embeddable":true,"href":"https:\/\/lacarrerapanamericana.com.mx\/en\/wp-json\/wp\/v2\/tags?post=46253"}],"curies":[{"name":"wp","href":"https:\/\/api.w.org\/{rel}","templated":true}]}}